{"@context":{"dc":"http:\/\/purl.org\/dc\/elements\/1.1\/","skos":"http:\/\/www.w3.org\/2004\/02\/skos\/core#","skos:broader":{"@type":"@id"},"skos:inScheme":{"@type":"@id"},"skos:related":{"@type":"@id"},"skos:narrower":{"@type":"@id"},"skos:hasTopConcept":{"@type":"@id"},"skos:topConceptOf":{"@type":"@id"}},"@id":"http:\/\/thesaurus.abuledu.org\/thesaurus\/vocab\/?tema=5","@type":"skos:Concept","skos:prefLabel":{"@language":"fr","@value=":"\u00c9t\u00e9"},"skos:inScheme":"http:\/\/thesaurus.abuledu.org\/thesaurus\/vocab\/","dct:created":"2016-02-10 13:36:58","skos:scopeNote":[{"@lang":"fr","@value":"\nL'\u00e9t\u00e9 est la saison de l'ann\u00e9e qui vient \u00e0 la suite du printemps et pr\u00e9c\u00e8de l'automne.(source : vikidia.org)"}],"skos:broader":["http:\/\/thesaurus.abuledu.org\/thesaurus\/vocab\/?tema=3"]}