{"tema_id":"5","string":"\u00c9t\u00e9","created":"2016-02-10 13:36:58","code":null,"notes":[{"@type":"Note d'application","@lang":"fr","@value":"\nL'\u00e9t\u00e9 est la saison de l'ann\u00e9e qui vient \u00e0 la suite du printemps et pr\u00e9c\u00e8de l'automne.(source : vikidia.org)"}]}